{"id":184,"__str__":"Indica\u00e7\u00f5es n\u00ba 165 de 2025","link_detail_backend":"/materia/184","metadata":{},"numero":165,"ano":2025,"numero_protocolo":null,"data_apresentacao":"2025-04-28","tipo_apresentacao":"E","data_publicacao":null,"numero_origem_externa":"","ano_origem_externa":null,"data_origem_externa":null,"apelido":"","dias_prazo":null,"data_fim_prazo":null,"em_tramitacao":false,"polemica":false,"objeto":"","complementar":false,"ementa":"Indica\u00e7\u00e3o n\u00ba 165, de autoria da Vereadora Tatiane da Sa\u00fade, \u201cIndica ao Chefe do Poder Executivo Municipal a instala\u00e7\u00e3o de um sem\u00e1foro para pedestres na pista de caminhada da Avenida Dom Pedro, com a Rua Padre Adolph Roll, a pedido do Sr. Carlos\u201d.","indexacao":"\u201cIndica ao Chefe do Poder Executivo Municipal a instala\u00e7\u00e3o de um sem\u00e1foro para pedestres na pista de caminhada da Avenida Dom Pedro, com a Rua Padre Adolph Roll, a pedido do Sr. Carlos\u201d.","observacao":"","resultado":"","texto_original":null,"data_ultima_atualizacao":"2025-07-31T09:16:43.902237-04:00","ip":"201.94.146.152","ultima_edicao":"2025-07-31T09:15:32.565500-04:00","tipo":18,"regime_tramitacao":1,"tipo_origem_externa":null,"local_origem_externa":null,"user":3,"anexadas":[],"autores":[16]}