{"id":183,"__str__":"Indica\u00e7\u00f5es n\u00ba 164 de 2025","link_detail_backend":"/materia/183","metadata":{},"numero":164,"ano":2025,"numero_protocolo":null,"data_apresentacao":"2025-04-28","tipo_apresentacao":"E","data_publicacao":null,"numero_origem_externa":"","ano_origem_externa":null,"data_origem_externa":null,"apelido":"","dias_prazo":null,"data_fim_prazo":null,"em_tramitacao":false,"polemica":false,"objeto":"","complementar":false,"ementa":"Indica\u00e7\u00e3o n\u00ba 164, de autoria da Vereadora Tatiane da Sa\u00fade, \u201cIndica ao Chefe do Poder Executivo Municipal a convoca\u00e7\u00e3o de agente comunit\u00e1rio de endemias, aprovados no concurso p\u00fablico da Prefeitura de Jaru\u201d.","indexacao":"\u201cIndica ao Chefe do Poder Executivo Municipal a convoca\u00e7\u00e3o de agente comunit\u00e1rio de endemias, aprovados no concurso p\u00fablico da Prefeitura de Jaru\u201d.","observacao":"","resultado":"","texto_original":null,"data_ultima_atualizacao":"2025-07-31T09:15:21.769102-04:00","ip":"201.94.146.152","ultima_edicao":"2025-07-31T09:12:34.493104-04:00","tipo":18,"regime_tramitacao":1,"tipo_origem_externa":null,"local_origem_externa":null,"user":3,"anexadas":[],"autores":[16]}