{"id":181,"__str__":"Indica\u00e7\u00f5es n\u00ba 162 de 2025","link_detail_backend":"/materia/181","metadata":{},"numero":162,"ano":2025,"numero_protocolo":null,"data_apresentacao":"2025-04-14","tipo_apresentacao":"E","data_publicacao":null,"numero_origem_externa":"","ano_origem_externa":null,"data_origem_externa":null,"apelido":"","dias_prazo":null,"data_fim_prazo":null,"em_tramitacao":false,"polemica":false,"objeto":"","complementar":false,"ementa":"Indica\u00e7\u00e3o n\u00ba 162, de autoria da Vereadora Tatiane da Sa\u00fade, \u201cIndica ao Chefe do Poder Executivo Municipal a instala\u00e7\u00e3o de um quebra-molas (lombada) nos seguintes locais, Rua Princesa Isabel, atr\u00e1s do Col\u00e9gio Adventista, atendendo \u00e0 solicita\u00e7\u00e3o do Sr. Agostinho; Rua Princesa Isabel, n\u00ba 1296, atendendo ao pedido da Sra. Kariani\u201d.","indexacao":"\u201cIndica ao Chefe do Poder Executivo Municipal a instala\u00e7\u00e3o de um quebra-molas (lombada) nos seguintes locais, Rua Princesa Isabel, atr\u00e1s do Col\u00e9gio Adventista, atendendo \u00e0 solicita\u00e7\u00e3o do Sr. Agostinho; Rua Princesa Isabel, n\u00ba 1296, atendendo ao pedido da Sra. Kariani\u201d.","observacao":"","resultado":"","texto_original":null,"data_ultima_atualizacao":"2025-07-31T09:03:07.988638-04:00","ip":"201.94.146.152","ultima_edicao":"2025-07-31T09:03:07.898416-04:00","tipo":18,"regime_tramitacao":1,"tipo_origem_externa":null,"local_origem_externa":null,"user":3,"anexadas":[],"autores":[16]}