{"id":179,"__str__":"Indica\u00e7\u00f5es n\u00ba 160 de 2025","link_detail_backend":"/materia/179","metadata":{},"numero":160,"ano":2025,"numero_protocolo":null,"data_apresentacao":"2025-04-14","tipo_apresentacao":"E","data_publicacao":null,"numero_origem_externa":"","ano_origem_externa":null,"data_origem_externa":null,"apelido":"","dias_prazo":null,"data_fim_prazo":null,"em_tramitacao":false,"polemica":false,"objeto":"","complementar":false,"ementa":"Indica\u00e7\u00e3o n\u00ba 160, de autoria da Vereadora Sthella Almeida, \u201cIndica ao Chefe do Poder Executivo Municipal a possibilidade para a instala\u00e7\u00e3o de lixeiras para coleta seletiva na Pra\u00e7a do Jardim Primavera.\u201d","indexacao":"\u201cIndica ao Chefe do Poder Executivo Municipal a possibilidade para a instala\u00e7\u00e3o de lixeiras para coleta seletiva na Pra\u00e7a do Jardim Primavera.\u201d","observacao":"","resultado":"","texto_original":null,"data_ultima_atualizacao":"2025-07-31T07:59:37.487966-04:00","ip":"201.94.146.152","ultima_edicao":"2025-07-31T07:56:49.549782-04:00","tipo":18,"regime_tramitacao":3,"tipo_origem_externa":null,"local_origem_externa":null,"user":3,"anexadas":[],"autores":[30]}