{"id":172,"__str__":"Indica\u00e7\u00f5es n\u00ba 153 de 2025","link_detail_backend":"/materia/172","metadata":{},"numero":153,"ano":2025,"numero_protocolo":null,"data_apresentacao":"2025-04-07","tipo_apresentacao":"E","data_publicacao":null,"numero_origem_externa":"","ano_origem_externa":null,"data_origem_externa":null,"apelido":"","dias_prazo":null,"data_fim_prazo":null,"em_tramitacao":false,"polemica":false,"objeto":"","complementar":false,"ementa":"Indica\u00e7\u00e3o n\u00ba 153, de autoria do Vereador Orlando Costa  \u201cIndica ao Chefe do Poder Executivo Municipal  que seja feita a  constru\u00e7\u00e3o de dois quebra-molas na Rua Jo\u00e3o Batista, no Setor 04, que ser\u00e1 um antes  da Rua Minervino Viana, e o outro ap\u00f3s a Rua Minervino Viana.\u201d","indexacao":"\u201cIndica ao Chefe do Poder Executivo Municipal  que seja feita a  constru\u00e7\u00e3o de dois quebra-molas na Rua Jo\u00e3o Batista, no Setor 04, que ser\u00e1 um antes  da Rua Minervino Viana, e o outro ap\u00f3s a Rua Minervino Viana.\u201d","observacao":"","resultado":"","texto_original":null,"data_ultima_atualizacao":"2025-07-28T13:10:23.418485-04:00","ip":"201.94.146.152","ultima_edicao":"2025-07-28T13:09:17.365076-04:00","tipo":18,"regime_tramitacao":1,"tipo_origem_externa":null,"local_origem_externa":null,"user":3,"anexadas":[],"autores":[28]}