{"id":168,"__str__":"Indica\u00e7\u00f5es n\u00ba 148 de 2025","link_detail_backend":"/materia/168","metadata":{},"numero":148,"ano":2025,"numero_protocolo":null,"data_apresentacao":"2025-04-07","tipo_apresentacao":"E","data_publicacao":null,"numero_origem_externa":"","ano_origem_externa":null,"data_origem_externa":null,"apelido":"","dias_prazo":null,"data_fim_prazo":null,"em_tramitacao":false,"polemica":false,"objeto":"","complementar":false,"ementa":"Indica\u00e7\u00e3o n\u00ba 148, de autoria do Vereador Chiquinho do Cacau, \u201cSolicita ao Chefe do Poder Executivo Municipal que, seja realizado uma galeria de concreto e pavimenta\u00e7\u00e3o asf\u00e1ltica na rua Jo\u00e3o Batista entre a rua Par\u00e1 com a Amazonas setor 04, no munic\u00edpio de Jaru.\u201d","indexacao":"\u201cSolicita ao Chefe do Poder Executivo Municipal que, seja realizado uma galeria de concreto e pavimenta\u00e7\u00e3o asf\u00e1ltica na rua Jo\u00e3o Batista entre a rua Par\u00e1 com a Amazonas setor 04, no munic\u00edpio de Jaru.\u201d","observacao":"","resultado":"","texto_original":null,"data_ultima_atualizacao":"2025-07-28T13:06:02.961375-04:00","ip":"201.94.146.152","ultima_edicao":"2025-07-28T13:04:09.541355-04:00","tipo":18,"regime_tramitacao":1,"tipo_origem_externa":null,"local_origem_externa":null,"user":3,"anexadas":[],"autores":[21]}