{"id":164,"__str__":"Indica\u00e7\u00f5es n\u00ba 144 de 2025","link_detail_backend":"/materia/164","metadata":{},"numero":144,"ano":2025,"numero_protocolo":null,"data_apresentacao":"2025-04-07","tipo_apresentacao":"E","data_publicacao":null,"numero_origem_externa":"","ano_origem_externa":null,"data_origem_externa":null,"apelido":"","dias_prazo":null,"data_fim_prazo":null,"em_tramitacao":false,"polemica":false,"objeto":"","complementar":false,"ementa":"Indica\u00e7\u00e3o n\u00ba 144, de autoria da Vereadora Sthella de Almeida, Indica ao Chefe do Poder Executivo Municipal a possibilidade para a implanta\u00e7\u00e3o de placas de atendimento priorit\u00e1rios em \u00f3rg\u00e3os p\u00fablicos e reserva de assentos incluindo pessoas com espectro autistas, mobilidade reduzida e doadores de sangue, conforme Lei 14.626 de 2023.","indexacao":"Indica ao Chefe do Poder Executivo Municipal a possibilidade para a implanta\u00e7\u00e3o de placas de atendimento priorit\u00e1rios em \u00f3rg\u00e3os p\u00fablicos e reserva de assentos incluindo pessoas com espectro autistas, mobilidade reduzida e doadores de sangue, conforme Lei 14.626 de 2023.","observacao":"","resultado":"","texto_original":null,"data_ultima_atualizacao":"2025-07-28T13:00:31.305680-04:00","ip":"201.94.146.152","ultima_edicao":"2025-07-28T12:58:24.713568-04:00","tipo":18,"regime_tramitacao":1,"tipo_origem_externa":null,"local_origem_externa":null,"user":3,"anexadas":[],"autores":[30]}