{"id":162,"__str__":"Indica\u00e7\u00f5es n\u00ba 142 de 2025","link_detail_backend":"/materia/162","metadata":{},"numero":142,"ano":2025,"numero_protocolo":null,"data_apresentacao":"2025-04-07","tipo_apresentacao":"E","data_publicacao":null,"numero_origem_externa":"","ano_origem_externa":null,"data_origem_externa":null,"apelido":"","dias_prazo":null,"data_fim_prazo":null,"em_tramitacao":false,"polemica":false,"objeto":"","complementar":false,"ementa":"Indica\u00e7\u00e3o n\u00ba 142, de autoria da Vereadora Sthella de Almeida,  \u201cIndica ao Chefe do Poder Executivo a possibilidade para sinaliza\u00e7\u00e3o de vagas de motos na Av. Florian\u00f3polis, em frente ao estabelecimento A\u00e7a\u00ed Point.\u201d","indexacao":"\u201cIndica ao Chefe do Poder Executivo a possibilidade para sinaliza\u00e7\u00e3o de vagas de motos na Av. Florian\u00f3polis, em frente ao estabelecimento A\u00e7a\u00ed Point.\u201d","observacao":"","resultado":"","texto_original":null,"data_ultima_atualizacao":"2025-07-28T12:51:50.707632-04:00","ip":"201.94.146.152","ultima_edicao":"2025-07-28T12:50:00.790004-04:00","tipo":18,"regime_tramitacao":1,"tipo_origem_externa":null,"local_origem_externa":null,"user":3,"anexadas":[],"autores":[30]}