{"id":155,"__str__":"Indica\u00e7\u00f5es n\u00ba 135 de 2025","link_detail_backend":"/materia/155","metadata":{},"numero":135,"ano":2025,"numero_protocolo":null,"data_apresentacao":"2025-03-31","tipo_apresentacao":"E","data_publicacao":null,"numero_origem_externa":"","ano_origem_externa":null,"data_origem_externa":null,"apelido":"","dias_prazo":null,"data_fim_prazo":null,"em_tramitacao":false,"polemica":false,"objeto":"","complementar":false,"ementa":"Indica\u00e7\u00e3o n\u00b0 135, de autoria da Vereadora Sthella de Almeida Silva, \u201c Indica ao Chefe do Poder Executivo a possibilidade para a substitui\u00e7\u00e3o das lixeiras de reciclagem da Pra\u00e7a do Jardim dos Estados.","indexacao":"Indica ao Chefe do Poder Executivo a possibilidade para a substitui\u00e7\u00e3o das lixeiras de reciclagem da Pra\u00e7a do Jardim dos Estados.","observacao":"","resultado":"","texto_original":null,"data_ultima_atualizacao":"2025-07-25T13:06:01.026692-04:00","ip":"201.94.146.152","ultima_edicao":"2025-07-25T13:05:11.913883-04:00","tipo":18,"regime_tramitacao":1,"tipo_origem_externa":null,"local_origem_externa":null,"user":3,"anexadas":[],"autores":[30]}