{"id":1439,"__str__":"Indica\u00e7\u00f5es n\u00ba 90 de 2026","link_detail_backend":"/materia/1439","metadata":{},"numero":90,"ano":2026,"numero_protocolo":null,"data_apresentacao":"2026-03-16","tipo_apresentacao":"","data_publicacao":null,"numero_origem_externa":"","ano_origem_externa":null,"data_origem_externa":null,"apelido":"","dias_prazo":null,"data_fim_prazo":null,"em_tramitacao":false,"polemica":false,"objeto":"","complementar":false,"ementa":"Indica\u00e7\u00e3o n\u00ba 90, de autoria da Vereadora Suhelen Fernanda: Indica ao Chefe do Poder Executivo que seja providenciado a disponibiliza\u00e7\u00e3o de um profissional fisioterapeuta para atuar no Hospital da Crian\u00e7a, com foco no atendimento respirat\u00f3rio, especialmente diante do aumento de casos de bronquiolite em crian\u00e7as.","indexacao":"","observacao":"","resultado":"","texto_original":"http://sapl.jaru.ro.leg.br/media/sapl/public/materialegislativa/2026/1439/cmj_indicacao-7_suhelen.pdf","data_ultima_atualizacao":"2026-03-19T10:07:22.249924-04:00","ip":"201.94.146.152","ultima_edicao":"2026-03-19T10:06:48.750211-04:00","tipo":18,"regime_tramitacao":1,"tipo_origem_externa":null,"local_origem_externa":null,"user":5,"anexadas":[],"autores":[]}