{"id":1432,"__str__":"Indica\u00e7\u00f5es n\u00ba 83 de 2026","link_detail_backend":"/materia/1432","metadata":{},"numero":83,"ano":2026,"numero_protocolo":null,"data_apresentacao":"2026-03-09","tipo_apresentacao":"","data_publicacao":null,"numero_origem_externa":"","ano_origem_externa":null,"data_origem_externa":null,"apelido":"","dias_prazo":null,"data_fim_prazo":null,"em_tramitacao":false,"polemica":false,"objeto":"","complementar":false,"ementa":"Indica\u00e7\u00e3o n\u00ba 83, de autoria do Vereador Chiquinho do Cacau e Orlando Costa: Indica ao Chefe do Poder Executivo que a viabilidade da cria\u00e7\u00e3o do Cart\u00e3o Vale Feira, destinado aos servidores p\u00fablicos municipais de Jaru/RO.","indexacao":"","observacao":"","resultado":"","texto_original":"http://sapl.jaru.ro.leg.br/media/sapl/public/materialegislativa/2026/1432/cmj_indicacao-3_francisco_e_orlando.pdf","data_ultima_atualizacao":"2026-03-19T09:34:29.153594-04:00","ip":"201.94.146.152","ultima_edicao":"2026-03-19T09:34:00.022951-04:00","tipo":18,"regime_tramitacao":1,"tipo_origem_externa":null,"local_origem_externa":null,"user":5,"anexadas":[],"autores":[]}