{"id":1428,"__str__":"Indica\u00e7\u00f5es n\u00ba 79 de 2026","link_detail_backend":"/materia/1428","metadata":{},"numero":79,"ano":2026,"numero_protocolo":null,"data_apresentacao":"2026-03-09","tipo_apresentacao":"","data_publicacao":null,"numero_origem_externa":"","ano_origem_externa":null,"data_origem_externa":null,"apelido":"","dias_prazo":null,"data_fim_prazo":null,"em_tramitacao":false,"polemica":false,"objeto":"","complementar":false,"ementa":"Indica\u00e7\u00e3o n\u00ba 79, de autoria da Vereadora Sthella Almeida: Indica ao Chefe do Poder Executivo Municipal a possibilidade de determinar ao setor competente a implanta\u00e7\u00e3o de faixa amarela de sinaliza\u00e7\u00e3o horizontal (proibi\u00e7\u00e3o de estacionamento) na Rua Afonso Jos\u00e9, esquina com a Rua Padre Adolfo Rohl, atendendo \u00e0 solicita\u00e7\u00e3o da Empres\u00e1ria M\u00f4nica.","indexacao":"","observacao":"","resultado":"","texto_original":"http://sapl.jaru.ro.leg.br/media/sapl/public/materialegislativa/2026/1428/cmj_indicacao-4_sthella.pdf","data_ultima_atualizacao":"2026-03-19T09:32:28.748835-04:00","ip":"201.94.146.152","ultima_edicao":"2026-03-19T09:31:53.963217-04:00","tipo":18,"regime_tramitacao":1,"tipo_origem_externa":null,"local_origem_externa":null,"user":5,"anexadas":[],"autores":[]}