{"id":1423,"__str__":"Indica\u00e7\u00f5es n\u00ba 74 de 2026","link_detail_backend":"/materia/1423","metadata":{},"numero":74,"ano":2026,"numero_protocolo":null,"data_apresentacao":"2026-03-09","tipo_apresentacao":"","data_publicacao":null,"numero_origem_externa":"","ano_origem_externa":null,"data_origem_externa":null,"apelido":"","dias_prazo":null,"data_fim_prazo":null,"em_tramitacao":false,"polemica":false,"objeto":"","complementar":false,"ementa":"Indica\u00e7\u00e3o n\u00ba 74, de autoria da Vereadora e Presidente Tatiane da Sa\u00fade: Indica ao Chefe do Poder Executivo Municipal que encaminhe a esta Casa de Leis Projeto de Lei promovendo a regulamenta\u00e7\u00e3o e o enquadramento dos servidores ocupantes do cargo de Auxiliar de Creche no Plano de Carreira dos Profissionais da Educa\u00e7\u00e3o B\u00e1sica do Munic\u00edpio de Jaru, em conformidade com a Lei Federal n\u00ba 15.326/2026.","indexacao":"","observacao":"","resultado":"","texto_original":"http://sapl.jaru.ro.leg.br/media/sapl/public/materialegislativa/2026/1423/cmj_indicacao-5_tatiane_-_auxiliares_de_creche.pdf","data_ultima_atualizacao":"2026-03-19T09:28:50.629188-04:00","ip":"201.94.146.152","ultima_edicao":"2026-03-19T09:12:42.077115-04:00","tipo":18,"regime_tramitacao":1,"tipo_origem_externa":null,"local_origem_externa":null,"user":5,"anexadas":[],"autores":[]}