{"id":141,"__str__":"Indica\u00e7\u00f5es n\u00ba 121 de 2025","link_detail_backend":"/materia/141","metadata":{},"numero":121,"ano":2025,"numero_protocolo":null,"data_apresentacao":"2025-03-31","tipo_apresentacao":"E","data_publicacao":null,"numero_origem_externa":"","ano_origem_externa":null,"data_origem_externa":null,"apelido":"","dias_prazo":null,"data_fim_prazo":null,"em_tramitacao":false,"polemica":false,"objeto":"","complementar":false,"ementa":"Indica\u00e7\u00e3o n\u00ba 121, de autoria da Vereadora e Presidente Tatiane da Sa\u00fade, \u201c Indica ao Chefe do Poder Executivo Municipal a instala\u00e7\u00e3o de uma faixa de pedestre e um quebra-molas na Avenida Rio Branco, 915 - Setor 02, em frente \u00e0 Cl\u00ednica Mirelle Furtado. \u201d","indexacao":"Indica ao Chefe do Poder Executivo Municipal a instala\u00e7\u00e3o de uma faixa de pedestre e um quebra-molas na Avenida Rio Branco, 915 - Setor 02, em frente \u00e0 Cl\u00ednica Mirelle Furtado.","observacao":"","resultado":"","texto_original":null,"data_ultima_atualizacao":"2025-07-25T12:37:37.048942-04:00","ip":"201.94.146.152","ultima_edicao":"2025-07-25T12:30:39.927461-04:00","tipo":18,"regime_tramitacao":1,"tipo_origem_externa":null,"local_origem_externa":null,"user":3,"anexadas":[],"autores":[16]}