{"id":1416,"__str__":"Indica\u00e7\u00f5es n\u00ba 43 de 2026","link_detail_backend":"/materia/1416","metadata":{},"numero":43,"ano":2026,"numero_protocolo":null,"data_apresentacao":"2026-02-23","tipo_apresentacao":"","data_publicacao":null,"numero_origem_externa":"","ano_origem_externa":null,"data_origem_externa":null,"apelido":"","dias_prazo":null,"data_fim_prazo":null,"em_tramitacao":false,"polemica":false,"objeto":"","complementar":false,"ementa":"Indica\u00e7\u00e3o n\u00ba 43, de autoria da Vereadora Suhelen Fernanda: Indica ao Chefe do Poder Executivo que seja realizado a pavimenta\u00e7\u00e3o asf\u00e1ltica na Rua C\u00e2ndido Portinari, no trecho entre a Rua Afonso Jos\u00e9 e a Rua Jo\u00e3o Batista, com o objetivo de melhorar a mobilidade urbana e as condi\u00e7\u00f5es de tr\u00e1fego da localidade.","indexacao":"","observacao":"","resultado":"","texto_original":"http://sapl.jaru.ro.leg.br/media/sapl/public/materialegislativa/2026/1416/cmj_indicacao-5_3.pdf","data_ultima_atualizacao":"2026-03-19T08:51:53.694071-04:00","ip":"201.94.146.152","ultima_edicao":"2026-03-19T08:42:03.323281-04:00","tipo":18,"regime_tramitacao":1,"tipo_origem_externa":null,"local_origem_externa":null,"user":5,"anexadas":[],"autores":[]}