{"id":1415,"__str__":"Indica\u00e7\u00f5es n\u00ba 69 de 2026","link_detail_backend":"/materia/1415","metadata":{},"numero":69,"ano":2026,"numero_protocolo":null,"data_apresentacao":"2026-03-02","tipo_apresentacao":"E","data_publicacao":null,"numero_origem_externa":"","ano_origem_externa":null,"data_origem_externa":null,"apelido":"","dias_prazo":null,"data_fim_prazo":null,"em_tramitacao":false,"polemica":false,"objeto":"","complementar":false,"ementa":"Indica\u00e7\u00e3o n\u00ba 69, de autoria da Vereadora Suhelen Fernanda: Indica ao Chefe do Poder Executivo que seja feita a realiza\u00e7\u00e3o de pavimenta\u00e7\u00e3o asf\u00e1ltica da Rua Marechal Rondon, no trecho localizado na lateral da Escola Aldemir, no Setor 1-A.","indexacao":"Indica ao Chefe do Poder Executivo que seja feita a realiza\u00e7\u00e3o de pavimenta\u00e7\u00e3o asf\u00e1ltica da Rua Marechal Rondon, no trecho localizado na lateral da Escola Aldemir, no Setor 1-A.","observacao":"","resultado":"","texto_original":"http://sapl.jaru.ro.leg.br/media/sapl/public/materialegislativa/2026/1415/cmj_indicacao-6_-_suhelen.pdf","data_ultima_atualizacao":"2026-03-18T11:40:28.995958-04:00","ip":"201.94.146.152","ultima_edicao":"2026-03-18T11:39:38.833514-04:00","tipo":18,"regime_tramitacao":1,"tipo_origem_externa":null,"local_origem_externa":null,"user":3,"anexadas":[],"autores":[18]}