{"id":140,"__str__":"Indica\u00e7\u00f5es n\u00ba 120 de 2025","link_detail_backend":"/materia/140","metadata":{},"numero":120,"ano":2025,"numero_protocolo":null,"data_apresentacao":"2025-03-24","tipo_apresentacao":"E","data_publicacao":null,"numero_origem_externa":"","ano_origem_externa":null,"data_origem_externa":null,"apelido":"","dias_prazo":null,"data_fim_prazo":null,"em_tramitacao":false,"polemica":false,"objeto":"","complementar":false,"ementa":"Indica\u00e7\u00e3o n\u00ba 120, de autoria do Vereador Jo\u00e3o Paulo, \u201c Indica ao Chefe do Poder Executivo Municipal a instala\u00e7\u00e3o de uma placa e da pintura no solo indicando estacionamento exclusivo para \u00f4nibus escolar nos hor\u00e1rios de 11:00h \u00e0s 13:00h e 17:15h \u00e0s 17:45h de Segunda-feira a Sexta-feira, em frente \u00e0 escola Olga Dellaia. \u2019\u2019","indexacao":"Indica ao Chefe do Poder Executivo Municipal a instala\u00e7\u00e3o de uma placa e da pintura no solo indicando estacionamento exclusivo para \u00f4nibus escolar nos hor\u00e1rios de 11:00h \u00e0s 13:00h e 17:15h \u00e0s 17:45h de Segunda-feira a Sexta-feira, em frente \u00e0 escola Olga Dellaia.","observacao":"","resultado":"","texto_original":null,"data_ultima_atualizacao":"2025-07-25T12:26:26.700607-04:00","ip":"201.94.146.152","ultima_edicao":"2025-07-25T12:25:28.581985-04:00","tipo":18,"regime_tramitacao":1,"tipo_origem_externa":null,"local_origem_externa":null,"user":3,"anexadas":[],"autores":[24]}