{"id":1402,"__str__":"Indica\u00e7\u00f5es n\u00ba 35 de 2026","link_detail_backend":"/materia/1402","metadata":{},"numero":35,"ano":2026,"numero_protocolo":null,"data_apresentacao":"2026-02-09","tipo_apresentacao":"E","data_publicacao":null,"numero_origem_externa":"","ano_origem_externa":null,"data_origem_externa":null,"apelido":"","dias_prazo":null,"data_fim_prazo":null,"em_tramitacao":false,"polemica":false,"objeto":"","complementar":false,"ementa":"Indica\u00e7\u00e3o n\u00ba 35, de autoria do Vereador Schimiti Patroleiro: Indica ao Chefe do Poder Executivo Municipal que seja realizada a implanta\u00e7\u00e3o de cal\u00e7adas com rampas de acessibilidade, faixas de demarca\u00e7\u00e3o de estacionamento( marcas delimitadas de estacionamento) e placas de indica\u00e7\u00f5es  em torno da Rodovi\u00e1ria dos Colonos, em conformidade com as normas t\u00e9cnicas de acessibilidade vigentes, garantindo condi\u00e7\u00f5es adequadas de mobilidade, seguran\u00e7a e inclus\u00e3o para pedestres, em especial pessoas com defici\u00eancia, idosos, gestantes e pessoas com mobilidade reduzida.","indexacao":"Implanta\u00e7\u00e3o de cal\u00e7adas com rampas de acessibilidade, faixas de demarca\u00e7\u00e3o de estacionamento( marcas delimitadas de estacionamento) e placas de indica\u00e7\u00f5es  em torno da Rodovi\u00e1ria dos Colonos, em conformidade com as normas t\u00e9cnicas de acessibilidade vigentes, garantindo condi\u00e7\u00f5es adequadas de mobilidade, seguran\u00e7a e inclus\u00e3o para pedestres, em especial pessoas com defici\u00eancia, idosos, gestantes e pessoas com mobilidade reduzida.","observacao":"","resultado":"","texto_original":"http://sapl.jaru.ro.leg.br/media/sapl/public/materialegislativa/2026/1402/cmj_indicacao-3_8.pdf","data_ultima_atualizacao":"2026-03-18T10:24:54.868584-04:00","ip":"201.94.146.152","ultima_edicao":"2026-03-18T10:22:44.495237-04:00","tipo":18,"regime_tramitacao":1,"tipo_origem_externa":null,"local_origem_externa":null,"user":3,"anexadas":[],"autores":[17]}