{"id":1400,"__str__":"Indica\u00e7\u00f5es n\u00ba 33 de 2026","link_detail_backend":"/materia/1400","metadata":{},"numero":33,"ano":2026,"numero_protocolo":null,"data_apresentacao":"2026-02-09","tipo_apresentacao":"E","data_publicacao":null,"numero_origem_externa":"","ano_origem_externa":null,"data_origem_externa":null,"apelido":"","dias_prazo":null,"data_fim_prazo":null,"em_tramitacao":false,"polemica":false,"objeto":"","complementar":false,"ementa":"Indica\u00e7\u00e3o n\u00ba 33, de autoria da Presidente Tatiane da Sa\u00fade: Indica ao Chefe do Poder Executivo Municipal a implanta\u00e7\u00e3o de vagas de estacionamento destinadas a cadeirantes em frente aos col\u00e9gios municipais, devidamente sinalizadas e em conformidade com a legisla\u00e7\u00e3o vigente de acessibilidade, a pedido do Sr. Ademir.","indexacao":"Indica ao Chefe do Poder Executivo Municipal a implanta\u00e7\u00e3o de vagas de estacionamento destinadas a cadeirantes em frente aos col\u00e9gios municipais, devidamente sinalizadas e em conformidade com a legisla\u00e7\u00e3o vigente de acessibilidade, a pedido do Sr. Ademir.","observacao":"","resultado":"","texto_original":"http://sapl.jaru.ro.leg.br/media/sapl/public/materialegislativa/2026/1400/cmj_indicacao-2__tati.pdf","data_ultima_atualizacao":"2026-03-18T10:18:56.355911-04:00","ip":"201.94.146.152","ultima_edicao":"2026-03-18T10:17:44.840872-04:00","tipo":18,"regime_tramitacao":1,"tipo_origem_externa":null,"local_origem_externa":null,"user":3,"anexadas":[],"autores":[16]}