{"id":1383,"__str__":"Indica\u00e7\u00f5es n\u00ba 16 de 2026","link_detail_backend":"/materia/1383","metadata":{},"numero":16,"ano":2026,"numero_protocolo":null,"data_apresentacao":"2026-02-02","tipo_apresentacao":"E","data_publicacao":null,"numero_origem_externa":"","ano_origem_externa":null,"data_origem_externa":null,"apelido":"","dias_prazo":null,"data_fim_prazo":null,"em_tramitacao":false,"polemica":false,"objeto":"","complementar":false,"ementa":"Indica\u00e7\u00e3o n\u00ba 16, de autoria do Vereador Schimiti Patroleiro: Indica ao Chefe do Poder Executivo Municipal, que seja realizada a implanta\u00e7\u00e3o de grades de prote\u00e7\u00e3o/guarda-corpos na esquina da Rua Cear\u00e1 com a Linha 605, especificamente no bueiro existente no local.","indexacao":"Implanta\u00e7\u00e3o de grades de prote\u00e7\u00e3o/guarda-corpos na esquina da Rua Cear\u00e1 com a Linha 605, especificamente no bueiro existente no local.","observacao":"","resultado":"","texto_original":"http://sapl.jaru.ro.leg.br/media/sapl/public/materialegislativa/2026/1383/cmj_indicacao-2_9.pdf","data_ultima_atualizacao":"2026-03-18T09:19:37.634920-04:00","ip":"201.94.146.152","ultima_edicao":"2026-03-18T09:18:33.103131-04:00","tipo":18,"regime_tramitacao":1,"tipo_origem_externa":null,"local_origem_externa":null,"user":3,"anexadas":[],"autores":[]}