{"id":137,"__str__":"Indica\u00e7\u00f5es n\u00ba 117 de 2025","link_detail_backend":"/materia/137","metadata":{},"numero":117,"ano":2025,"numero_protocolo":null,"data_apresentacao":"2025-03-24","tipo_apresentacao":"E","data_publicacao":null,"numero_origem_externa":"","ano_origem_externa":null,"data_origem_externa":null,"apelido":"","dias_prazo":null,"data_fim_prazo":null,"em_tramitacao":false,"polemica":false,"objeto":"","complementar":false,"ementa":"Indica\u00e7\u00e3o n\u00ba 117, de autoria da Vereadora Sthella Almeida, \u201cIndica ao Chefe do Poder Executivo Municipal a possibilidade para coloca\u00e7\u00e3o de um quebra-molas na rua Princesa Isabel, com a rua Jo\u00e3o Batista, pr\u00f3ximo \u00e0 Creche \u2013 Casa dos Batutinhas. A pedido do empres\u00e1rio Dilson Filho.\u2019\u2019","indexacao":"\u201cIndica ao Chefe do Poder Executivo Municipal a possibilidade para coloca\u00e7\u00e3o de um quebra-molas na rua Princesa Isabel, com a rua Jo\u00e3o Batista, pr\u00f3ximo \u00e0 Creche \u2013 Casa dos Batutinhas. A pedido do empres\u00e1rio Dilson Filho.\u2019\u2019","observacao":"","resultado":"","texto_original":null,"data_ultima_atualizacao":"2025-07-25T12:23:14.371765-04:00","ip":"201.94.146.152","ultima_edicao":"2025-07-25T12:21:43.842860-04:00","tipo":18,"regime_tramitacao":1,"tipo_origem_externa":null,"local_origem_externa":null,"user":3,"anexadas":[],"autores":[30]}