{"id":1355,"__str__":"Projeto de Lei n\u00ba 473 de 2026","link_detail_backend":"/materia/1355","metadata":{},"numero":473,"ano":2026,"numero_protocolo":null,"data_apresentacao":"2026-02-02","tipo_apresentacao":"E","data_publicacao":"2026-02-27","numero_origem_externa":"473","ano_origem_externa":2026,"data_origem_externa":null,"apelido":"Vereador Mirim","dias_prazo":null,"data_fim_prazo":"2026-02-27","em_tramitacao":false,"polemica":false,"objeto":"Educacional","complementar":false,"ementa":"PROJETO DE LEI N\u00ba 473, DE 29 DE JANEIRO DE 2026, Institui o Projeto Vereador Mirim no \u00e2mbito da C\u00e2mara Municipal de Jaru e revoga a Resolu\u00e7\u00e3o n\u00ba 194/CMJ/MD/2014.","indexacao":"Vereador Mirim no \u00e2mbito da C\u00e2mara Municipal","observacao":"Revogada -  Resolu\u00e7\u00e3o n\u00ba 194/CMJ/MD/2014.","resultado":"","texto_original":"http://sapl.jaru.ro.leg.br/media/sapl/public/materialegislativa/2026/1355/cmj_projeto_de_lei_ordinaria-473_2.pdf","data_ultima_atualizacao":"2026-03-10T12:56:06.747380-04:00","ip":"201.94.146.152","ultima_edicao":"2026-03-10T12:48:55.238791-04:00","tipo":1,"regime_tramitacao":1,"tipo_origem_externa":1,"local_origem_externa":null,"user":3,"anexadas":[1245,1247,1340],"autores":[16]}