{"id":131,"__str__":"Indica\u00e7\u00f5es n\u00ba 111 de 2025","link_detail_backend":"/materia/131","metadata":{},"numero":111,"ano":2025,"numero_protocolo":null,"data_apresentacao":"2025-03-24","tipo_apresentacao":"E","data_publicacao":null,"numero_origem_externa":"","ano_origem_externa":null,"data_origem_externa":null,"apelido":"","dias_prazo":null,"data_fim_prazo":null,"em_tramitacao":false,"polemica":false,"objeto":"","complementar":false,"ementa":"Indica\u00e7\u00e3o n\u00ba 111, de autoria dos Vereadores (as): Tatiane da Sa\u00fade, Sthella de Almeida, Suhelen Fernanda, Mestre Caf\u00e9, Celiandro Marrom, Rafael Lopes, Schimiti Patroleiro, Amarelinho, Chiquinho do Cacau, Orlando, Marc\u00e3o e Jo\u00e3o Paulo, \u201cIndicam ao Chefe do Poder Executivo que reabra o prazo para que os cidad\u00e3os possam aderir ao REFIS e assim quitarem seus d\u00e9bitos com desconto de multas e juros junto ao munic\u00edpio. \u2019\u2019","indexacao":"REFIS","observacao":"","resultado":"","texto_original":null,"data_ultima_atualizacao":"2025-07-25T12:10:03.260161-04:00","ip":"201.94.146.152","ultima_edicao":"2025-07-25T12:08:52.495338-04:00","tipo":18,"regime_tramitacao":1,"tipo_origem_externa":null,"local_origem_externa":null,"user":3,"anexadas":[],"autores":[16]}