{"id":124,"__str__":"Indica\u00e7\u00f5es n\u00ba 104 de 2025","link_detail_backend":"/materia/124","metadata":{},"numero":104,"ano":2025,"numero_protocolo":null,"data_apresentacao":"2025-03-17","tipo_apresentacao":"E","data_publicacao":null,"numero_origem_externa":"","ano_origem_externa":null,"data_origem_externa":null,"apelido":"","dias_prazo":null,"data_fim_prazo":null,"em_tramitacao":false,"polemica":false,"objeto":"","complementar":false,"ementa":"Indica\u00e7\u00e3o n\u00ba 104, de autoria do Vereador Chiquinho do Cacau, \u201c Solicita ao Chefe do Poder Executivo Municipal que, seja feita a reforma da ponte do Rio S\u00e3o Domingos, na linha 634, pois todas as vigas de sustenta\u00e7\u00e3o est\u00e3o deterioradas. \u2019\u2019","indexacao":"Solicita ao Chefe do Poder Executivo Municipal que, seja feita a reforma da ponte do Rio S\u00e3o Domingos, na linha 634, pois todas as vigas de sustenta\u00e7\u00e3o est\u00e3o deterioradas. \u2019","observacao":"","resultado":"","texto_original":null,"data_ultima_atualizacao":"2025-07-25T11:38:48.231909-04:00","ip":"201.94.146.152","ultima_edicao":"2025-07-25T11:37:38.531635-04:00","tipo":18,"regime_tramitacao":1,"tipo_origem_externa":null,"local_origem_externa":null,"user":3,"anexadas":[],"autores":[21]}