{"id":113,"__str__":"Indica\u00e7\u00f5es n\u00ba 93 de 2025","link_detail_backend":"/materia/113","metadata":{},"numero":93,"ano":2025,"numero_protocolo":null,"data_apresentacao":"2025-03-17","tipo_apresentacao":"E","data_publicacao":null,"numero_origem_externa":"","ano_origem_externa":null,"data_origem_externa":null,"apelido":"","dias_prazo":null,"data_fim_prazo":null,"em_tramitacao":false,"polemica":false,"objeto":"","complementar":false,"ementa":"Indica\u00e7\u00e3o n\u00ba 93, de autoria da Vereadora e Presidente Tatiane da Sa\u00fade, \u201cIndica ao Chefe do Poder Executivo para que o Mun\u00edcipio de Jaru fa\u00e7a ades\u00e3o ao programa Contrata+Brasil.\u201d","indexacao":"Ades\u00e3o ao programa Contrata+Brasil.\u201d","observacao":"","resultado":"","texto_original":"http://sapl.jaru.ro.leg.br/media/sapl/public/materialegislativa/2025/113/cmj_indicacao-5_2.pdf","data_ultima_atualizacao":"2025-07-25T10:39:08.032893-04:00","ip":"201.94.146.152","ultima_edicao":"2025-07-25T10:39:07.850343-04:00","tipo":18,"regime_tramitacao":1,"tipo_origem_externa":null,"local_origem_externa":null,"user":3,"anexadas":[],"autores":[16]}