{"id":111,"__str__":"Indica\u00e7\u00f5es n\u00ba 91 de 2025","link_detail_backend":"/materia/111","metadata":{},"numero":91,"ano":2025,"numero_protocolo":null,"data_apresentacao":"2025-03-10","tipo_apresentacao":"E","data_publicacao":null,"numero_origem_externa":"","ano_origem_externa":null,"data_origem_externa":null,"apelido":"","dias_prazo":null,"data_fim_prazo":null,"em_tramitacao":false,"polemica":false,"objeto":"","complementar":false,"ementa":"Indica\u00e7\u00e3o n\u00ba  72, de autoria do Vereador Celiandro Marrom,  Solicita que a prefeitura, realize atrav\u00e9s do Departamento Municipal de Tr\u00e2nsito (DEMTRAM), a sinaliza\u00e7\u00e3o horizontal, para os estacionamentos de motocicletas e autom\u00f3veis nos estabelecimentos comerciais no centro da cidade.","indexacao":"Solicita que a prefeitura, realize atrav\u00e9s do Departamento Municipal de Tr\u00e2nsito (DEMTRAM), a sinaliza\u00e7\u00e3o horizontal, para os estacionamentos de motocicletas e autom\u00f3veis nos estabelecimentos comerciais no centro da cidade.","observacao":"","resultado":"","texto_original":null,"data_ultima_atualizacao":"2025-07-25T10:11:20.893777-04:00","ip":"201.94.146.152","ultima_edicao":"2025-07-25T10:10:25.582009-04:00","tipo":18,"regime_tramitacao":1,"tipo_origem_externa":null,"local_origem_externa":null,"user":3,"anexadas":[],"autores":[20]}