{"id":10,"__str__":"Audi\u00eancia P\u00fablica n\u00ba 1 de 2025","link_detail_backend":"/materia/10","metadata":{},"numero":1,"ano":2025,"numero_protocolo":null,"data_apresentacao":"2025-04-28","tipo_apresentacao":"O","data_publicacao":"2025-04-30","numero_origem_externa":"01","ano_origem_externa":2025,"data_origem_externa":"2025-04-28","apelido":"Audi\u00eancia P\u00fablica","dias_prazo":null,"data_fim_prazo":"2025-05-16","em_tramitacao":false,"polemica":false,"objeto":"DESAFIOS E POL\u00cdTICAS P\u00daBLICAS PARA PESSOAS COM AUTISMO E SUAS FAMILIAS.","complementar":false,"ementa":"Audi\u00eancia P\u00fablica para debater sobre o Transtorno do Espectro Autista (TEA), abordando os desafios, pol\u00edticas p\u00fablicas e medidas de inclus\u00e3o para pessoas com autismo e suas fam\u00edlias.","indexacao":"1. Debater e orientar a comunidade at\u00edpica sobre os direitos j\u00e1 existentes;\r\n\r\n2. Ouvir a comunidade acad\u00eamica, a comunidade autista e a sociedade civil, proporcionando um espa\u00e7o de di\u00e1logo e participa\u00e7\u00e3o;\r\n\r\n3. Permitir que sejam apresentadas sugest\u00f5es e identificadas necessidades, visando o aprimoramento das pol\u00edticas p\u00fablicas voltadas para essa popula\u00e7\u00e3o.","observacao":"","resultado":"","texto_original":null,"data_ultima_atualizacao":"2025-07-04T11:10:39.398056-04:00","ip":"201.94.146.152","ultima_edicao":"2025-07-04T11:04:53.085127-04:00","tipo":17,"regime_tramitacao":1,"tipo_origem_externa":17,"local_origem_externa":null,"user":3,"anexadas":[],"autores":[16]}