{"id":106,"__str__":"Indica\u00e7\u00f5es n\u00ba 86 de 2025","link_detail_backend":"/materia/106","metadata":{},"numero":86,"ano":2025,"numero_protocolo":null,"data_apresentacao":"2025-03-10","tipo_apresentacao":"","data_publicacao":null,"numero_origem_externa":"","ano_origem_externa":null,"data_origem_externa":null,"apelido":"","dias_prazo":null,"data_fim_prazo":null,"em_tramitacao":false,"polemica":false,"objeto":"","complementar":false,"ementa":"Indica\u00e7\u00e3o n\u00ba  86, de autoria da Vereadora Suhelen Fernanda,  \u201cIndica ao Chefe do Poder Executivo Municipal que seja feita pavimenta\u00e7\u00e3o asf\u00e1ltica nas seguintes ruas: Rua C\u00e2ndido Portinari entre as Ruas Afonso Jos\u00e9 e Rua Jo\u00e3o Batista, Rua Osvaldo Cruz entre as Ruas Rio de Janeiro e Florian\u00f3polis,   Rua Sebasti\u00e3o Cabral de Souza entre as Ruas Rio de Janeiro e Florian\u00f3polis\u201d.","indexacao":"Indica ao Chefe do Poder Executivo Municipal que seja feita pavimenta\u00e7\u00e3o asf\u00e1ltica nas seguintes ruas: Rua C\u00e2ndido Portinari entre as Ruas Afonso Jos\u00e9 e Rua Jo\u00e3o Batista, Rua Osvaldo Cruz entre as Ruas Rio de Janeiro e Florian\u00f3polis,   Rua Sebasti\u00e3o Cabral de Souza entre as Ruas Rio de Janeiro e Florian\u00f3polis\u201d.","observacao":"","resultado":"","texto_original":null,"data_ultima_atualizacao":"2025-07-25T09:47:43.491529-04:00","ip":"201.94.146.152","ultima_edicao":"2025-07-25T09:43:26.591969-04:00","tipo":18,"regime_tramitacao":1,"tipo_origem_externa":null,"local_origem_externa":null,"user":3,"anexadas":[],"autores":[18]}