{"id":1,"__str__":"Ata Legislativa - Tatiane de Almeida Domingues de 28/04/2025 por Tatiane de Almeida Domingues","link_detail_backend":"/materia/documentoacessorio/1","metadata":{},"nome":"Tatiane de Almeida Domingues","data":"2025-04-28","autor":"Tatiane de Almeida Domingues","ementa":"Audi\u00eancia P\u00fablica para debater sobre o Transtorno do Espectro Autista (TEA), abordando os desafios, pol\u00edticas p\u00fablicas e medidas de inclus\u00e3o para pessoas com autismo e suas fam\u00edlias.","indexacao":"Transtorno do Espectro Autista (TEA), abordando os desafios, pol\u00edticas p\u00fablicas e medidas de inclus\u00e3o para pessoas com autismo e suas fam\u00edlias.","arquivo":"http://sapl.jaru.ro.leg.br/media/sapl/public/documentoacessorio/2025/1/cmj_ata-9_6.pdf","data_ultima_atualizacao":"2025-07-04T11:22:29.556516-04:00","materia":10,"tipo":1}