{"id":1,"__str__":"COMISS\u00c3O DE CONSTITUI\u00c7\u00c3O, JUSTI\u00c7A E REDA\u00c7\u00c3O","link_detail_backend":"/comissao/reuniao/1","metadata":{},"numero":1,"nome":"COMISS\u00c3O DE CONSTITUI\u00c7\u00c3O, JUSTI\u00c7A E REDA\u00c7\u00c3O","tema":"PROJETO DE LEI N\u00ba 461, de 22 de abril de 2025, de autoria do Vereador Schimiti Patroleiro, que Institui no Calend\u00e1rio Oficial do Munic\u00edpio de Jaru a r","data":"2025-04-30","hora_inicio":"16:28:00","hora_fim":null,"local_reuniao":"","observacao":"PROJETO DE LEI N\u00ba 461, de 22 de abril de 2025, de autoria do Vereador Schimiti Patroleiro, que Institui no Calend\u00e1rio Oficial do Munic\u00edpio de Jaru a realiza\u00e7\u00e3o do Leil\u00e3o Direito de Viver e d\u00e1 outras provid\u00eancias. O \u201cLeil\u00e3o do Direito de Viver\u201d","url_audio":"","url_video":"","upload_pauta":"http://sapl.jaru.ro.leg.br/media/sapl/public/reuniao/1/pauta/cmj_ordem_do_dia-12_4.pdf","upload_ata":"http://sapl.jaru.ro.leg.br/media/sapl/public/reuniao/1/ata/cmj_ata_da_reuniao_da_comissao-461.pdf","upload_anexo":"http://sapl.jaru.ro.leg.br/media/sapl/public/reuniao/1/anexo/cmj_ata-12_4.pdf","periodo":1,"comissao":1}