{"id":1,"__str__":"DESAFIOS E POL\u00cdTICAS P\u00daBLICAS PARA PESSOAS COM AUTISMO E SUAS FAMILIAS","link_detail_backend":"/audiencia/1","metadata":{},"numero":1,"ano":2025,"nome":"DESAFIOS E POL\u00cdTICAS P\u00daBLICAS PARA PESSOAS COM AUTISMO E SUAS FAMILIAS","tema":"Disp\u00f5e sobre a estrutura administrativa do Poder Legislativo do Munic\u00edpio de Jaru.","data":"2025-04-07","hora_inicio":"18:00","hora_fim":"22:00","observacao":"Audi\u00eancia P\u00fablica para debater sobre o Transtorno do Espectro Autista (TEA), abordando os desafios, pol\u00edticas p\u00fablicas e medidas de inclus\u00e3o para pessoas com autismo e suas fam\u00edlias.","audiencia_cancelada":false,"url_audio":"","url_video":"","upload_pauta":null,"upload_ata":null,"upload_anexo":null,"materia":10,"tipo":1,"parlamentar_autor":null,"requerimento":null}